{"id":256,"date":"2024-08-29T14:39:00","date_gmt":"2024-08-29T12:39:00","guid":{"rendered":"https:\/\/mariodatabase.altervista.org\/?p=1"},"modified":"2024-09-16T11:05:16","modified_gmt":"2024-09-16T09:05:16","slug":"il-primo-articolo","status":"publish","type":"post","link":"https:\/\/federnat.tiwsrl.com\/?p=256","title":{"rendered":"Campionato Italiano Gentlemen 2024"},"content":{"rendered":"\n<p class=\"wp-block-paragraph\"><strong>Siciliano di cuore, marchigiano di successo: Andrea Venezia in Finale nel Campionato Italiano Gentlemen<\/strong><\/p>\n\n\n\n<p class=\"wp-block-paragraph\">Con una prestazione solida e costante nelle tre prove di qualificazione, praticamente sempre a premio, Andrea Venezia si \u00e8 assicurato il pass per la finalissima della LXXIV edizione del Campionato Italiano Gentlemen.<\/p>\n\n\n\n<p class=\"wp-block-paragraph\">Siciliano di origine e marchigiano d\u2019adozione, Andrea ha dimostrato grande grinta e determinazione fin dalle prime battute, mantenendo un passo costante con una vittoria e due piazzamenti. Per la prima volta, voler\u00e0 in finale, dove rappresenter\u00e0 con orgoglio la sua regione, le Marche.<\/p>\n\n\n\n<p class=\"wp-block-paragraph\">Ora, Andrea \u00e8 pronto a sfidare i migliori gentlemen provenienti da tutte le regioni d&#8217;Italia, dando il massimo per conquistare il titolo di campione italiano.<\/p>\n\n\n\n<p class=\"wp-block-paragraph\"><strong>Forza Andrea, provaci!<\/strong><\/p>\n\n\n\n<p class=\"wp-block-paragraph\"><\/p>\n","protected":false},"excerpt":{"rendered":"<p>Siciliano di cuore, marchigiano di successo: Andrea Venezia in Finale nel Campionato Italiano Gentlemen Con una prestazione solida e costante nelle tre prove di qualificazione, praticamente sempre a premio, Andrea Venezia si \u00e8 assicurato il pass per la finalissima della LXXIV edizione del Campionato Italiano Gentlemen. Siciliano di origine e marchigiano d\u2019adozione, Andrea ha dimostrato grande grinta e determinazione fin dalle prime battute, mantenendo un passo costante con una vittoria e due piazzamenti. Per la prima volta, voler\u00e0 in finale, dove rappresenter\u00e0 con orgoglio la sua regione, le Marche. Ora, Andrea \u00e8 pronto a sfidare i migliori gentlemen provenienti da tutte le regioni d&#8217;Italia, dando il massimo per conquistare il titolo di campione italiano. Forza Andrea, provaci!<\/p>\n","protected":false},"author":2,"featured_media":822,"comment_status":"closed","ping_status":"closed","sticky":false,"template":"","format":"standard","meta":{"footnotes":""},"categories":[7],"tags":[],"class_list":["post-256","post","type-post","status-publish","format-standard","has-post-thumbnail","hentry","category-campionati"],"_links":{"self":[{"href":"https:\/\/federnat.tiwsrl.com\/index.php?rest_route=\/wp\/v2\/posts\/256","targetHints":{"allow":["GET"]}}],"collection":[{"href":"https:\/\/federnat.tiwsrl.com\/index.php?rest_route=\/wp\/v2\/posts"}],"about":[{"href":"https:\/\/federnat.tiwsrl.com\/index.php?rest_route=\/wp\/v2\/types\/post"}],"author":[{"embeddable":true,"href":"https:\/\/federnat.tiwsrl.com\/index.php?rest_route=\/wp\/v2\/users\/2"}],"replies":[{"embeddable":true,"href":"https:\/\/federnat.tiwsrl.com\/index.php?rest_route=%2Fwp%2Fv2%2Fcomments&post=256"}],"version-history":[{"count":3,"href":"https:\/\/federnat.tiwsrl.com\/index.php?rest_route=\/wp\/v2\/posts\/256\/revisions"}],"predecessor-version":[{"id":824,"href":"https:\/\/federnat.tiwsrl.com\/index.php?rest_route=\/wp\/v2\/posts\/256\/revisions\/824"}],"wp:featuredmedia":[{"embeddable":true,"href":"https:\/\/federnat.tiwsrl.com\/index.php?rest_route=\/wp\/v2\/media\/822"}],"wp:attachment":[{"href":"https:\/\/federnat.tiwsrl.com\/index.php?rest_route=%2Fwp%2Fv2%2Fmedia&parent=256"}],"wp:term":[{"taxonomy":"category","embeddable":true,"href":"https:\/\/federnat.tiwsrl.com\/index.php?rest_route=%2Fwp%2Fv2%2Fcategories&post=256"},{"taxonomy":"post_tag","embeddable":true,"href":"https:\/\/federnat.tiwsrl.com\/index.php?rest_route=%2Fwp%2Fv2%2Ftags&post=256"}],"curies":[{"name":"wp","href":"https:\/\/api.w.org\/{rel}","templated":true}]}}