{"id":2305,"date":"2024-12-18T18:06:07","date_gmt":"2024-12-18T17:06:07","guid":{"rendered":"https:\/\/federnat.tiwsrl.com\/?p=2305"},"modified":"2024-12-24T09:27:34","modified_gmt":"2024-12-24T08:27:34","slug":"matteo-zaccherini-orgoglio-italiano-alla-international-amateur-race-di-vincennes","status":"publish","type":"post","link":"https:\/\/federnat.tiwsrl.com\/?p=2305","title":{"rendered":"Matteo Zaccherini, orgoglio italiano alla International Amateur Race di Vincennes"},"content":{"rendered":"\n<p class=\"wp-block-paragraph\">La Federnat \u00e8 lieta di annunciare che<strong> Matteo Zaccherini<\/strong> \u00e8 stato selezionato dalla <strong>FEGAT<\/strong> per partecipare alla prestigiosa<strong> International Amateur Race <\/strong>che si terr\u00e0 il <strong>25 gennaio all&#8217;ippodromo di Parigi<\/strong>, in occasione del week end del Gran Prix d&#8217;Am\u00e9rique.<\/p>\n\n\n\n<p class=\"wp-block-paragraph\">La FEGAT, dopo aver valutato le candidature provenienti da tutti i paesi affiliati (non tutti i richiedenti avrebbero avuto la possibilit\u00e0 di partecipare) ha ritenuto Matteo la testa di serie, ossia il pi\u00f9 titolato tra tutti i richiedenti.<\/p>\n\n\n\n<p class=\"wp-block-paragraph\">Avere l&#8217;opportunit\u00e0 di correre sul mitico plateau de Gravelle \u00e8 sempre un\u2019opportunit\u00e0 speciale ed emozionante, siamo sicuri che Matteo sapr\u00e0 cogliere al volo questa occasione e rappresenter\u00e0 al meglio i colori italiani .<\/p>\n\n\n\n<p class=\"wp-block-paragraph\">\u00a0Lo scorso anno, il sorteggio \u00e8 stato a dir poco sfavorevole, peggio non potr\u00e0 sicuramente andare ! <\/p>\n\n\n\n<p class=\"wp-block-paragraph\">Et alors\u2026Allez Super Zack !<\/p>\n\n\n\n<p class=\"wp-block-paragraph\"><\/p>\n","protected":false},"excerpt":{"rendered":"<p>La Federnat \u00e8 lieta di annunciare che Matteo Zaccherini \u00e8 stato selezionato dalla FEGAT per partecipare alla prestigiosa International Amateur Race che si terr\u00e0 il 25 gennaio all&#8217;ippodromo di Parigi, in occasione del week end del Gran Prix d&#8217;Am\u00e9rique. La FEGAT, dopo aver valutato le candidature provenienti da tutti i paesi affiliati (non tutti i richiedenti avrebbero avuto la possibilit\u00e0 di partecipare) ha ritenuto Matteo la testa di serie, ossia il pi\u00f9 titolato tra tutti i richiedenti. Avere l&#8217;opportunit\u00e0 di correre sul mitico plateau de Gravelle \u00e8 sempre un\u2019opportunit\u00e0 speciale ed emozionante, siamo sicuri che Matteo sapr\u00e0 cogliere al volo questa occasione e rappresenter\u00e0 al meglio i colori italiani . \u00a0Lo scorso anno, il sorteggio \u00e8 stato a dir poco sfavorevole, peggio non potr\u00e0 sicuramente andare ! Et alors\u2026Allez Super Zack !<\/p>\n","protected":false},"author":3,"featured_media":2306,"comment_status":"closed","ping_status":"closed","sticky":false,"template":"","format":"standard","meta":{"footnotes":""},"categories":[6],"tags":[],"class_list":["post-2305","post","type-post","status-publish","format-standard","has-post-thumbnail","hentry","category-news"],"_links":{"self":[{"href":"https:\/\/federnat.tiwsrl.com\/index.php?rest_route=\/wp\/v2\/posts\/2305","targetHints":{"allow":["GET"]}}],"collection":[{"href":"https:\/\/federnat.tiwsrl.com\/index.php?rest_route=\/wp\/v2\/posts"}],"about":[{"href":"https:\/\/federnat.tiwsrl.com\/index.php?rest_route=\/wp\/v2\/types\/post"}],"author":[{"embeddable":true,"href":"https:\/\/federnat.tiwsrl.com\/index.php?rest_route=\/wp\/v2\/users\/3"}],"replies":[{"embeddable":true,"href":"https:\/\/federnat.tiwsrl.com\/index.php?rest_route=%2Fwp%2Fv2%2Fcomments&post=2305"}],"version-history":[{"count":1,"href":"https:\/\/federnat.tiwsrl.com\/index.php?rest_route=\/wp\/v2\/posts\/2305\/revisions"}],"predecessor-version":[{"id":2307,"href":"https:\/\/federnat.tiwsrl.com\/index.php?rest_route=\/wp\/v2\/posts\/2305\/revisions\/2307"}],"wp:featuredmedia":[{"embeddable":true,"href":"https:\/\/federnat.tiwsrl.com\/index.php?rest_route=\/wp\/v2\/media\/2306"}],"wp:attachment":[{"href":"https:\/\/federnat.tiwsrl.com\/index.php?rest_route=%2Fwp%2Fv2%2Fmedia&parent=2305"}],"wp:term":[{"taxonomy":"category","embeddable":true,"href":"https:\/\/federnat.tiwsrl.com\/index.php?rest_route=%2Fwp%2Fv2%2Fcategories&post=2305"},{"taxonomy":"post_tag","embeddable":true,"href":"https:\/\/federnat.tiwsrl.com\/index.php?rest_route=%2Fwp%2Fv2%2Ftags&post=2305"}],"curies":[{"name":"wp","href":"https:\/\/api.w.org\/{rel}","templated":true}]}}