{"id":2125,"date":"2023-11-22T16:00:00","date_gmt":"2023-11-22T15:00:00","guid":{"rendered":"https:\/\/federnat.tiwsrl.com\/?p=2125"},"modified":"2024-12-16T16:01:24","modified_gmt":"2024-12-16T15:01:24","slug":"finale-trofeo-benefico-albero-dei-talenti-trofeo-del-cuore-dante-mattii-montegiorgio","status":"publish","type":"post","link":"https:\/\/federnat.tiwsrl.com\/?p=2125","title":{"rendered":"Finale Trofeo Benefico &#8220;ALBERO DEI TALENTI&#8221; &#8211; Trofeo del Cuore Dante Mattii &#8211; Montegiorgio"},"content":{"rendered":"\n<p class=\"wp-block-paragraph\">Il Centro Socio Educativo Riabilitativo \u201cAlbero dei Talenti\u201d \u00e8 una struttura territoriale a ciclo diurno con sede a Servigliano, Viale della Repubblica n.5, 63839 (FM) rivolta a soggetti con disabilit\u00e0 fisica-intellettiva e sensoriale che hanno adempiuto l&#8217;obbligo scolastico, con grado diverso di compromissione delle autonomie funzionali e per i quali non \u00e8 prevedibile nel breve periodo un percorso di inserimento lavorativo o formativo.<\/p>\n\n\n\n<p class=\"wp-block-paragraph\">Il C.S.E.R. \u201cL&#8217;Albero dei Talenti\u201d assolve questo incarico per conto dei Comuni Associati di:<\/p>\n\n\n\n<p class=\"wp-block-paragraph\">Servigliano-Ente Capofila, Montegiorgio, Falerone, Montappone, Massa Fermana, Monte Vidon Corrado, Rapagnano. Attualmente accoglie 14 utenti.<\/p>\n\n\n\n<p class=\"wp-block-paragraph\">Il servizio \u00e8 gestito dalla Cooperativa COOSS MARCHE &#8211; Soc. Coop. Sociale ONLUS.<\/p>\n\n\n\n<p class=\"wp-block-paragraph\">Le attivit\u00e0 promosse dal Centro diurno di Servigliano hanno come obiettivi principali: il potenziamento delle abilit\u00e0 cognitive e relazionali, l\u2019incremento dei livelli di autonomia funzionale, l\u2019acquisizione dei prerequisiti lavorativi, l\u2019incentivo dello sviluppo di competenze globali e sostegno delle famiglie nel lavoro di cura.<\/p>\n\n\n\n<p class=\"wp-block-paragraph\">Il Club Gentleman Marche Abruzzo e Molise, per il terzo anno consecutivo \u00e8 lieto di aiutare questo centro riabilitativo, che ha una grande funzione sociale in un&#8217;area anche drammaticamente colpita dal terremoto.<\/p>\n\n\n\n<p class=\"wp-block-paragraph\"><br><em>Il Presidente Club Marche<br><strong>Massimo Pierini<\/strong><\/em><\/p>\n\n\n\n<p class=\"wp-block-paragraph\"><\/p>\n","protected":false},"excerpt":{"rendered":"<p>Il Centro Socio Educativo Riabilitativo \u201cAlbero dei Talenti\u201d \u00e8 una struttura territoriale a ciclo diurno con sede a Servigliano, Viale della Repubblica n.5, 63839 (FM) rivolta a soggetti con disabilit\u00e0 fisica-intellettiva e sensoriale che hanno adempiuto l&#8217;obbligo scolastico, con grado diverso di compromissione delle autonomie funzionali e per i quali non \u00e8 prevedibile nel breve periodo un percorso di inserimento lavorativo o formativo. Il C.S.E.R. \u201cL&#8217;Albero dei Talenti\u201d assolve questo incarico per conto dei Comuni Associati di: Servigliano-Ente Capofila, Montegiorgio, Falerone, Montappone, Massa Fermana, Monte Vidon Corrado, Rapagnano. Attualmente accoglie 14 utenti. Il servizio \u00e8 gestito dalla Cooperativa COOSS MARCHE &#8211; Soc. Coop. Sociale ONLUS. Le attivit\u00e0 promosse dal Centro diurno di Servigliano hanno come obiettivi principali: il potenziamento delle abilit\u00e0 cognitive e relazionali, l\u2019incremento dei livelli di autonomia funzionale, l\u2019acquisizione dei prerequisiti lavorativi, l\u2019incentivo dello sviluppo di competenze globali e sostegno delle famiglie nel lavoro di cura. Il Club Gentleman Marche Abruzzo e Molise, per il terzo anno consecutivo \u00e8 lieto di aiutare questo centro riabilitativo, che ha una grande funzione sociale in un&#8217;area anche drammaticamente colpita dal terremoto. Il Presidente Club MarcheMassimo Pierini<\/p>\n","protected":false},"author":4,"featured_media":0,"comment_status":"closed","ping_status":"closed","sticky":false,"template":"","format":"standard","meta":{"footnotes":""},"categories":[6],"tags":[],"class_list":["post-2125","post","type-post","status-publish","format-standard","hentry","category-news"],"_links":{"self":[{"href":"https:\/\/federnat.tiwsrl.com\/index.php?rest_route=\/wp\/v2\/posts\/2125","targetHints":{"allow":["GET"]}}],"collection":[{"href":"https:\/\/federnat.tiwsrl.com\/index.php?rest_route=\/wp\/v2\/posts"}],"about":[{"href":"https:\/\/federnat.tiwsrl.com\/index.php?rest_route=\/wp\/v2\/types\/post"}],"author":[{"embeddable":true,"href":"https:\/\/federnat.tiwsrl.com\/index.php?rest_route=\/wp\/v2\/users\/4"}],"replies":[{"embeddable":true,"href":"https:\/\/federnat.tiwsrl.com\/index.php?rest_route=%2Fwp%2Fv2%2Fcomments&post=2125"}],"version-history":[{"count":1,"href":"https:\/\/federnat.tiwsrl.com\/index.php?rest_route=\/wp\/v2\/posts\/2125\/revisions"}],"predecessor-version":[{"id":2126,"href":"https:\/\/federnat.tiwsrl.com\/index.php?rest_route=\/wp\/v2\/posts\/2125\/revisions\/2126"}],"wp:attachment":[{"href":"https:\/\/federnat.tiwsrl.com\/index.php?rest_route=%2Fwp%2Fv2%2Fmedia&parent=2125"}],"wp:term":[{"taxonomy":"category","embeddable":true,"href":"https:\/\/federnat.tiwsrl.com\/index.php?rest_route=%2Fwp%2Fv2%2Fcategories&post=2125"},{"taxonomy":"post_tag","embeddable":true,"href":"https:\/\/federnat.tiwsrl.com\/index.php?rest_route=%2Fwp%2Fv2%2Ftags&post=2125"}],"curies":[{"name":"wp","href":"https:\/\/api.w.org\/{rel}","templated":true}]}}