{"id":2121,"date":"2023-10-17T15:59:00","date_gmt":"2023-10-17T13:59:00","guid":{"rendered":"https:\/\/federnat.tiwsrl.com\/?p=2121"},"modified":"2024-12-16T16:00:08","modified_gmt":"2024-12-16T15:00:08","slug":"finale-xlix-trofeo-delle-regioni-firenze-17-dicembre-2023","status":"publish","type":"post","link":"https:\/\/federnat.tiwsrl.com\/?p=2121","title":{"rendered":"Finale XLIX Trofeo delle Regioni &#8211; Firenze &#8211; 17 Dicembre 2023"},"content":{"rendered":"\n<p class=\"wp-block-paragraph\">Nel ricordare che la manifestazione si terr\u00e0 Domenica 17 Dicembre a Firenze, si allega intanto il modulo conferma partecipazione con preghiera di farlo restituire compilato dagli aventi diritto&nbsp;<strong><u>entro e non oltre Venerd\u00ec 17 Novembre<\/u><\/strong>.<\/p>\n\n\n\n<p class=\"wp-block-paragraph\">Dovendo e comunque volendo agevolare al massimo la partecipazione degli aventi diritto, \u00e8 necessario in primo luogo completare in segreteria (per l&#8217;inoltro al Ministero) il quadro dei risultati delle selezioni regionali e relativi soci qualificati (i primi due in caso di selezione unica, oppure i due vincitori delle due selezioni). Inutile ricordare che, in caso di mancata comunicazione, la Regione non sar\u00e0 rappresentata.&nbsp;<\/p>\n\n\n\n<p class=\"wp-block-paragraph\">Al momento risulta che le selezioni siano state disputate come segue (con preghiera di verifica ed eventuale inserimento di riserve, grazie) :<\/p>\n\n\n\n<ul class=\"wp-block-list\">\n<li><strong>CAMPANIA &#8211; NAPOLI<\/strong>\u00a0(24\/06\/2023) LUIGI FARINA JR &#8211; FRANCESCO GARGIULO<\/li>\n\n\n\n<li><strong>EMILIA-ROMAGNA &#8211; CESENA<\/strong>\u00a0(30\/06\/2023) FRANCESCA CONSOLI &#8211; GIUSEPPE RIZZO<\/li>\n\n\n\n<li><strong>FRIULI VENEZIA GIULIA &#8211; TRIESTE<\/strong>\u00a0(20\/06\/2023) MASSIMO DE LUCA &#8211; ALESSANDRA DEVIDE\u2019<\/li>\n\n\n\n<li><strong>LAZIO \/ UMBRIA \/ SARDEGNA &#8211; ROMA<\/strong>\u00a0(21\/06\/2023) MASSIMILIANO STAFFIERI &#8211; GIANNI MANZONE<\/li>\n\n\n\n<li><strong>LOMBARDIA &#8211; MILANO<\/strong>\u00a0(06\/06\/2023) MARCO CASTALDO &#8211; MARCO SCARTON<\/li>\n\n\n\n<li><strong>MARCHE \/ ABRUZZO \/ UMBRIA &#8211; CIVITANOVA<\/strong>\u00a0(28\/05\/2023) MARCELLO BECCI &#8211; EMANUELE SATTA<\/li>\n\n\n\n<li><strong>PIEMONTE &#8211; TORINO<\/strong>\u00a0(05\/07\/2023) STEFANO MANZATO &#8211; MICHELE BECHIS<\/li>\n\n\n\n<li><strong>PUGLIA \/ BASILICATA \/ CALABRIA &#8211; TARANTO<\/strong>\u00a0(19\/09\/2023) GINO CHIAPPETTA &#8211; FRANCESCO GENTILE<\/li>\n\n\n\n<li><strong>SICILIA &#8211; SIRACUSA<\/strong>\u00a0(27\/07\/2023) EMERICO BALLO &#8211; MICHELE ADRIANO LA PORTA<\/li>\n\n\n\n<li><strong>TOSCANA &#8211; MONTECATINI<\/strong>\u00a0(13\/07\/2023) MATTEO ANGELONI &#8211; REBECCA DAMI<\/li>\n\n\n\n<li><strong>VENETO &#8211; PADOVA<\/strong>\u00a0(23\/04\/2023) MAURIZIO BIASUZZI &#8211; GIUSEPPE PALOMBARINI<\/li>\n<\/ul>\n\n\n\n<p class=\"wp-block-paragraph\">La prima e pi\u00f9 urgente informazione che dobbiamo ricevere \u00e8 SE E QUANTI RAPPRESENTANTI ARRIVERANNO DA CIASCUNA REGIONE. E&#8217; indispensabile calcolare il numero dei sicuri partenti per decidere la programmazione tenendo conto che (\u00a7 1.11. ) \u201c\u2026. Qualora il numero complessivo di partenti delle due batterie sia superiore a diciannove, l\u2019Amministrazione, su proposta dell\u2019ufficio tecnico della societ\u00e0 organizzatrice, pu\u00f2 deliberare che i non piazzati che hanno preso parte alle batterie siano ammessi a una corsa di consolazione&#8230;.&#8221; .<\/p>\n\n\n\n<p class=\"wp-block-paragraph\">E&#8217; anche IMPORTANTE ricordare ai soci di prendere tempestivamente contatto diretto col Club Toscana e-o con la locale Societ\u00e0 che preciseranno la programmazione e forniranno assistenza. Gli amici toscani faranno il possibile per accontentare tutti, ma resta comunque inteso che chi non fosse in grado di confermare e garantire NEI TERMINI (sotto la propria esclusiva responsabilit\u00e0) la propria presenza e la disponibilit\u00e0 del cavallo, sar\u00e0 sostituito da chi seguiva nella classifica della selezione, senza poter poi in alcun modo recriminare.<\/p>\n","protected":false},"excerpt":{"rendered":"<p>Nel ricordare che la manifestazione si terr\u00e0 Domenica 17 Dicembre a Firenze, si allega intanto il modulo conferma partecipazione con preghiera di farlo restituire compilato dagli aventi diritto&nbsp;entro e non oltre Venerd\u00ec 17 Novembre. Dovendo e comunque volendo agevolare al massimo la partecipazione degli aventi diritto, \u00e8 necessario in primo luogo completare in segreteria (per l&#8217;inoltro al Ministero) il quadro dei risultati delle selezioni regionali e relativi soci qualificati (i primi due in caso di selezione unica, oppure i due vincitori delle due selezioni). Inutile ricordare che, in caso di mancata comunicazione, la Regione non sar\u00e0 rappresentata.&nbsp; Al momento risulta che le selezioni siano state disputate come segue (con preghiera di verifica ed eventuale inserimento di riserve, grazie) : La prima e pi\u00f9 urgente informazione che dobbiamo ricevere \u00e8 SE E QUANTI RAPPRESENTANTI ARRIVERANNO DA CIASCUNA REGIONE. E&#8217; indispensabile calcolare il numero dei sicuri partenti per decidere la programmazione tenendo conto che (\u00a7 1.11. ) \u201c\u2026. Qualora il numero complessivo di partenti delle due batterie sia superiore a diciannove, l\u2019Amministrazione, su proposta dell\u2019ufficio tecnico della societ\u00e0 organizzatrice, pu\u00f2 deliberare che i non piazzati che hanno preso parte alle batterie siano ammessi a una corsa di consolazione&#8230;.&#8221; . E&#8217; anche IMPORTANTE ricordare ai soci di prendere tempestivamente contatto diretto col Club Toscana e-o con la locale Societ\u00e0 che preciseranno la programmazione e forniranno assistenza. Gli amici toscani faranno il possibile per accontentare tutti, ma resta comunque inteso che chi non fosse in grado di confermare e garantire NEI TERMINI (sotto la propria esclusiva responsabilit\u00e0) la propria presenza e la disponibilit\u00e0 del cavallo, sar\u00e0 sostituito da chi seguiva nella classifica della selezione, senza poter poi in alcun modo recriminare.<\/p>\n","protected":false},"author":4,"featured_media":0,"comment_status":"closed","ping_status":"closed","sticky":false,"template":"","format":"standard","meta":{"footnotes":""},"categories":[6],"tags":[],"class_list":["post-2121","post","type-post","status-publish","format-standard","hentry","category-news"],"_links":{"self":[{"href":"https:\/\/federnat.tiwsrl.com\/index.php?rest_route=\/wp\/v2\/posts\/2121","targetHints":{"allow":["GET"]}}],"collection":[{"href":"https:\/\/federnat.tiwsrl.com\/index.php?rest_route=\/wp\/v2\/posts"}],"about":[{"href":"https:\/\/federnat.tiwsrl.com\/index.php?rest_route=\/wp\/v2\/types\/post"}],"author":[{"embeddable":true,"href":"https:\/\/federnat.tiwsrl.com\/index.php?rest_route=\/wp\/v2\/users\/4"}],"replies":[{"embeddable":true,"href":"https:\/\/federnat.tiwsrl.com\/index.php?rest_route=%2Fwp%2Fv2%2Fcomments&post=2121"}],"version-history":[{"count":1,"href":"https:\/\/federnat.tiwsrl.com\/index.php?rest_route=\/wp\/v2\/posts\/2121\/revisions"}],"predecessor-version":[{"id":2122,"href":"https:\/\/federnat.tiwsrl.com\/index.php?rest_route=\/wp\/v2\/posts\/2121\/revisions\/2122"}],"wp:attachment":[{"href":"https:\/\/federnat.tiwsrl.com\/index.php?rest_route=%2Fwp%2Fv2%2Fmedia&parent=2121"}],"wp:term":[{"taxonomy":"category","embeddable":true,"href":"https:\/\/federnat.tiwsrl.com\/index.php?rest_route=%2Fwp%2Fv2%2Fcategories&post=2121"},{"taxonomy":"post_tag","embeddable":true,"href":"https:\/\/federnat.tiwsrl.com\/index.php?rest_route=%2Fwp%2Fv2%2Ftags&post=2121"}],"curies":[{"name":"wp","href":"https:\/\/api.w.org\/{rel}","templated":true}]}}