{"id":2105,"date":"2023-08-04T15:53:00","date_gmt":"2023-08-04T13:53:00","guid":{"rendered":"https:\/\/federnat.tiwsrl.com\/?p=2105"},"modified":"2024-12-16T15:54:03","modified_gmt":"2024-12-16T14:54:03","slug":"comunicato-stampa-8","status":"publish","type":"post","link":"https:\/\/federnat.tiwsrl.com\/?p=2105","title":{"rendered":"Comunicato stampa"},"content":{"rendered":"\n<p class=\"wp-block-paragraph\">E\u2019 in partenza per la Finlandia il Gentleman Mirko Marini, rappresentante italiano al Campionato Europeo Gentlemen Drivers in programma dall&#8217;8 all&#8217;11 agosto con corse (soggette alla rigida regolamentazione finlandese sull&#8217;uso di frusta e redini) negli ippodromi di Helsinki-Vermo, il pi\u00f9 importante della nazione, e di Lahti.<\/p>\n\n\n\n<p class=\"wp-block-paragraph\">Mirko Marini \u00e8 gi\u00e0 stato pi\u00f9 volte in gara a difendere i colori italiani nelle manifestazioni internazionali Gentlemen, fra cui spicca il titolo di Campione Mondiale guadagnato nel 2016 in Ungheria davanti all&#8217;americano Hannah Nicole Miller e al danese Bitten Jensen.<\/p>\n\n\n\n<p class=\"wp-block-paragraph\">In concomitanza con la manifestazione, il Delegato Affari Esteri della Federazione, Dott. Daniele Orsini, prender\u00e0 parte (alle ore 10 di gioved\u00ec 10 all&#8217;Hotel Greenstar di Lahti) all\u2019annuale Assemblea ordinaria della Federazione Europea FEGAT, la prima dopo lo splendido esito organizzativo e promozionale del Campionato Mondiale Gentlemen dello scorso anno a Roma Torino e Firenze.<\/p>\n\n\n\n<figure class=\"wp-block-image\"><img decoding=\"async\" src=\"https:\/\/www.federnat.it\/assets\/cms\/9c\/d2\/ea35\/5bb08055\/ParticipantsGentlemen2023.jpg\" alt=\"\"\/><\/figure>\n\n\n\n<figure class=\"wp-block-image\"><img decoding=\"async\" src=\"https:\/\/www.federnat.it\/assets\/cms\/3c\/47\/7fdb\/19b3167e\/MariniMirko.jpg\" alt=\"\"\/><\/figure>\n\n\n\n<p class=\"wp-block-paragraph\"><strong><em>Mirko Marini<\/em><\/strong><\/p>\n","protected":false},"excerpt":{"rendered":"<p>E\u2019 in partenza per la Finlandia il Gentleman Mirko Marini, rappresentante italiano al Campionato Europeo Gentlemen Drivers in programma dall&#8217;8 all&#8217;11 agosto con corse (soggette alla rigida regolamentazione finlandese sull&#8217;uso di frusta e redini) negli ippodromi di Helsinki-Vermo, il pi\u00f9 importante della nazione, e di Lahti. Mirko Marini \u00e8 gi\u00e0 stato pi\u00f9 volte in gara a difendere i colori italiani nelle manifestazioni internazionali Gentlemen, fra cui spicca il titolo di Campione Mondiale guadagnato nel 2016 in Ungheria davanti all&#8217;americano Hannah Nicole Miller e al danese Bitten Jensen. In concomitanza con la manifestazione, il Delegato Affari Esteri della Federazione, Dott. Daniele Orsini, prender\u00e0 parte (alle ore 10 di gioved\u00ec 10 all&#8217;Hotel Greenstar di Lahti) all\u2019annuale Assemblea ordinaria della Federazione Europea FEGAT, la prima dopo lo splendido esito organizzativo e promozionale del Campionato Mondiale Gentlemen dello scorso anno a Roma Torino e Firenze. Mirko Marini<\/p>\n","protected":false},"author":4,"featured_media":0,"comment_status":"closed","ping_status":"closed","sticky":false,"template":"","format":"standard","meta":{"footnotes":""},"categories":[6],"tags":[],"class_list":["post-2105","post","type-post","status-publish","format-standard","hentry","category-news"],"_links":{"self":[{"href":"https:\/\/federnat.tiwsrl.com\/index.php?rest_route=\/wp\/v2\/posts\/2105","targetHints":{"allow":["GET"]}}],"collection":[{"href":"https:\/\/federnat.tiwsrl.com\/index.php?rest_route=\/wp\/v2\/posts"}],"about":[{"href":"https:\/\/federnat.tiwsrl.com\/index.php?rest_route=\/wp\/v2\/types\/post"}],"author":[{"embeddable":true,"href":"https:\/\/federnat.tiwsrl.com\/index.php?rest_route=\/wp\/v2\/users\/4"}],"replies":[{"embeddable":true,"href":"https:\/\/federnat.tiwsrl.com\/index.php?rest_route=%2Fwp%2Fv2%2Fcomments&post=2105"}],"version-history":[{"count":1,"href":"https:\/\/federnat.tiwsrl.com\/index.php?rest_route=\/wp\/v2\/posts\/2105\/revisions"}],"predecessor-version":[{"id":2106,"href":"https:\/\/federnat.tiwsrl.com\/index.php?rest_route=\/wp\/v2\/posts\/2105\/revisions\/2106"}],"wp:attachment":[{"href":"https:\/\/federnat.tiwsrl.com\/index.php?rest_route=%2Fwp%2Fv2%2Fmedia&parent=2105"}],"wp:term":[{"taxonomy":"category","embeddable":true,"href":"https:\/\/federnat.tiwsrl.com\/index.php?rest_route=%2Fwp%2Fv2%2Fcategories&post=2105"},{"taxonomy":"post_tag","embeddable":true,"href":"https:\/\/federnat.tiwsrl.com\/index.php?rest_route=%2Fwp%2Fv2%2Ftags&post=2105"}],"curies":[{"name":"wp","href":"https:\/\/api.w.org\/{rel}","templated":true}]}}