{"id":2095,"date":"2023-05-08T16:03:00","date_gmt":"2023-05-08T14:03:00","guid":{"rendered":"https:\/\/federnat.tiwsrl.com\/?p=2095"},"modified":"2024-12-16T16:12:18","modified_gmt":"2024-12-16T15:12:18","slug":"comunicato-stampa-6","status":"publish","type":"post","link":"https:\/\/federnat.tiwsrl.com\/?p=2095","title":{"rendered":"Comunicato stampa"},"content":{"rendered":"\n<p class=\"wp-block-paragraph\">In merito ad alcuni fatti incresciosi post corse (riportati dagli organi di stampa e dai pi\u00f9 importanti social network) che hanno visto coinvolti Gentlemen associati a Club appartenenti alla Federnat<\/p>\n\n\n\n<p class=\"wp-block-paragraph\">il Presidente e il Consiglio Direttivo Nazionale della Federazione Nazionale Amatori Trotto, pur riconoscendo l\u2019assoluta eccezionalit\u00e0 di tali episodi, <strong>stigmatizzano<\/strong>\u00a0ogni comportamento lesivo della reputazione e della onorabilit\u00e0 dei Gentlemen Italiani in quanto portatori di quei valori di Sportivit\u00e0, Rispetto e Solidariet\u00e0 espressi nel proprio Statuto esprimono la massima vicinanza e sostegno ai propri Delegati\u00a0<strong>Rappresentanti Regionali<\/strong>\u00a0dei quali appoggiano incondizionatamente ogni scelta e risoluzione atta a tutelare i nostri valori e la categoria.<\/p>\n\n\n\n<p class=\"wp-block-paragraph\">&nbsp; &nbsp; &nbsp; &nbsp; &nbsp; &nbsp; &nbsp; &nbsp; &nbsp; &nbsp; &nbsp; &nbsp; &nbsp;Il Presidente<br><strong>&nbsp; &nbsp; &nbsp; &nbsp; &nbsp; &nbsp; &nbsp; &nbsp; &nbsp; &nbsp;<em>Maurizio Biasuzzi<\/em><\/strong><\/p>\n\n\n\n<p class=\"wp-block-paragraph\"><\/p>\n","protected":false},"excerpt":{"rendered":"<p>In merito ad alcuni fatti incresciosi post corse (riportati dagli organi di stampa e dai pi\u00f9 importanti social network) che hanno visto coinvolti Gentlemen associati a Club appartenenti alla Federnat il Presidente e il Consiglio Direttivo Nazionale della Federazione Nazionale Amatori Trotto, pur riconoscendo l\u2019assoluta eccezionalit\u00e0 di tali episodi, stigmatizzano\u00a0ogni comportamento lesivo della reputazione e della onorabilit\u00e0 dei Gentlemen Italiani in quanto portatori di quei valori di Sportivit\u00e0, Rispetto e Solidariet\u00e0 espressi nel proprio Statuto esprimono la massima vicinanza e sostegno ai propri Delegati\u00a0Rappresentanti Regionali\u00a0dei quali appoggiano incondizionatamente ogni scelta e risoluzione atta a tutelare i nostri valori e la categoria. &nbsp; &nbsp; &nbsp; &nbsp; &nbsp; &nbsp; &nbsp; &nbsp; &nbsp; &nbsp; &nbsp; &nbsp; &nbsp;Il Presidente&nbsp; &nbsp; &nbsp; &nbsp; &nbsp; &nbsp; &nbsp; &nbsp; &nbsp; &nbsp;Maurizio Biasuzzi<\/p>\n","protected":false},"author":4,"featured_media":0,"comment_status":"closed","ping_status":"open","sticky":false,"template":"","format":"standard","meta":{"footnotes":""},"categories":[6],"tags":[],"class_list":["post-2095","post","type-post","status-publish","format-standard","hentry","category-news"],"_links":{"self":[{"href":"https:\/\/federnat.tiwsrl.com\/index.php?rest_route=\/wp\/v2\/posts\/2095","targetHints":{"allow":["GET"]}}],"collection":[{"href":"https:\/\/federnat.tiwsrl.com\/index.php?rest_route=\/wp\/v2\/posts"}],"about":[{"href":"https:\/\/federnat.tiwsrl.com\/index.php?rest_route=\/wp\/v2\/types\/post"}],"author":[{"embeddable":true,"href":"https:\/\/federnat.tiwsrl.com\/index.php?rest_route=\/wp\/v2\/users\/4"}],"replies":[{"embeddable":true,"href":"https:\/\/federnat.tiwsrl.com\/index.php?rest_route=%2Fwp%2Fv2%2Fcomments&post=2095"}],"version-history":[{"count":1,"href":"https:\/\/federnat.tiwsrl.com\/index.php?rest_route=\/wp\/v2\/posts\/2095\/revisions"}],"predecessor-version":[{"id":2096,"href":"https:\/\/federnat.tiwsrl.com\/index.php?rest_route=\/wp\/v2\/posts\/2095\/revisions\/2096"}],"wp:attachment":[{"href":"https:\/\/federnat.tiwsrl.com\/index.php?rest_route=%2Fwp%2Fv2%2Fmedia&parent=2095"}],"wp:term":[{"taxonomy":"category","embeddable":true,"href":"https:\/\/federnat.tiwsrl.com\/index.php?rest_route=%2Fwp%2Fv2%2Fcategories&post=2095"},{"taxonomy":"post_tag","embeddable":true,"href":"https:\/\/federnat.tiwsrl.com\/index.php?rest_route=%2Fwp%2Fv2%2Ftags&post=2095"}],"curies":[{"name":"wp","href":"https:\/\/api.w.org\/{rel}","templated":true}]}}