{"id":2091,"date":"2023-04-25T15:59:00","date_gmt":"2023-04-25T13:59:00","guid":{"rendered":"https:\/\/federnat.tiwsrl.com\/?p=2091"},"modified":"2024-12-16T16:12:40","modified_gmt":"2024-12-16T15:12:40","slug":"comunicato-stampa-5","status":"publish","type":"post","link":"https:\/\/federnat.tiwsrl.com\/?p=2091","title":{"rendered":"Comunicato stampa"},"content":{"rendered":"\n<p class=\"wp-block-paragraph\">E\u2019 in partenza per la Norvegia l&#8217;Amazzone Elena Villani Orlando che rappresenter\u00e0 l&#8217;Italia al Campionato Europeo Amazzoni organizzato da NTAF (Norwegian Travsport Amateur Federation, presieduta dalla brava Charlotte Tuverud) dal 1\u00b0 al 4 Maggio p.v. : Marted\u00ec 2 Maggio due corse a Bjerke &#8211; Mercoled\u00ec 3 Maggio due corse a Momarken.<\/p>\n\n\n\n<p class=\"wp-block-paragraph\">Elena Villani, pi\u00f9 volte frustino d&#8217;oro e capolista amazzoni, \u00e8 reduce l&#8217;anno scorso dalla brillante prestazione nel Campionato 2022 (ippodromi Bollnas e Bergsaker in Svezia) chiuso dopo 4 corse in testa a pari punti con l&#8217;esponente Svizzera .<\/p>\n\n\n\n<p class=\"wp-block-paragraph\">La stessa Elena ha brillantemente difeso i colori Italiani anche nel Mondiale open dello scorso Settembre a Roma Torino Firenze.<\/p>\n\n\n\n<p class=\"wp-block-paragraph\"><br>In allegato l\u2019elenco delle partecipanti.<\/p>\n\n\n\n<figure class=\"wp-block-image\"><img decoding=\"async\" src=\"https:\/\/www.federnat.it\/assets\/cms\/54\/25\/4d3d\/ac118e87\/Ladies_2023_participants.jpg\" alt=\"\"\/><\/figure>\n\n\n\n<figure class=\"wp-block-image\"><img decoding=\"async\" src=\"https:\/\/www.federnat.it\/assets\/cms\/ea\/bc\/aa15\/b59b2819\/Ladies-Sweden-2022.jpg\" alt=\"\"\/><\/figure>\n\n\n\n<figure class=\"wp-block-image\"><img decoding=\"async\" src=\"https:\/\/www.federnat.it\/assets\/cms\/ad\/4a\/3f7f\/dab0c9bd\/VillaniElenaOrlandoJPG.jpg\" alt=\"\"\/><\/figure>\n","protected":false},"excerpt":{"rendered":"<p>E\u2019 in partenza per la Norvegia l&#8217;Amazzone Elena Villani Orlando che rappresenter\u00e0 l&#8217;Italia al Campionato Europeo Amazzoni organizzato da NTAF (Norwegian Travsport Amateur Federation, presieduta dalla brava Charlotte Tuverud) dal 1\u00b0 al 4 Maggio p.v. : Marted\u00ec 2 Maggio due corse a Bjerke &#8211; Mercoled\u00ec 3 Maggio due corse a Momarken. Elena Villani, pi\u00f9 volte frustino d&#8217;oro e capolista amazzoni, \u00e8 reduce l&#8217;anno scorso dalla brillante prestazione nel Campionato 2022 (ippodromi Bollnas e Bergsaker in Svezia) chiuso dopo 4 corse in testa a pari punti con l&#8217;esponente Svizzera . La stessa Elena ha brillantemente difeso i colori Italiani anche nel Mondiale open dello scorso Settembre a Roma Torino Firenze. In allegato l\u2019elenco delle partecipanti.<\/p>\n","protected":false},"author":4,"featured_media":0,"comment_status":"closed","ping_status":"open","sticky":false,"template":"","format":"standard","meta":{"footnotes":""},"categories":[6],"tags":[],"class_list":["post-2091","post","type-post","status-publish","format-standard","hentry","category-news"],"_links":{"self":[{"href":"https:\/\/federnat.tiwsrl.com\/index.php?rest_route=\/wp\/v2\/posts\/2091","targetHints":{"allow":["GET"]}}],"collection":[{"href":"https:\/\/federnat.tiwsrl.com\/index.php?rest_route=\/wp\/v2\/posts"}],"about":[{"href":"https:\/\/federnat.tiwsrl.com\/index.php?rest_route=\/wp\/v2\/types\/post"}],"author":[{"embeddable":true,"href":"https:\/\/federnat.tiwsrl.com\/index.php?rest_route=\/wp\/v2\/users\/4"}],"replies":[{"embeddable":true,"href":"https:\/\/federnat.tiwsrl.com\/index.php?rest_route=%2Fwp%2Fv2%2Fcomments&post=2091"}],"version-history":[{"count":1,"href":"https:\/\/federnat.tiwsrl.com\/index.php?rest_route=\/wp\/v2\/posts\/2091\/revisions"}],"predecessor-version":[{"id":2092,"href":"https:\/\/federnat.tiwsrl.com\/index.php?rest_route=\/wp\/v2\/posts\/2091\/revisions\/2092"}],"wp:attachment":[{"href":"https:\/\/federnat.tiwsrl.com\/index.php?rest_route=%2Fwp%2Fv2%2Fmedia&parent=2091"}],"wp:term":[{"taxonomy":"category","embeddable":true,"href":"https:\/\/federnat.tiwsrl.com\/index.php?rest_route=%2Fwp%2Fv2%2Fcategories&post=2091"},{"taxonomy":"post_tag","embeddable":true,"href":"https:\/\/federnat.tiwsrl.com\/index.php?rest_route=%2Fwp%2Fv2%2Ftags&post=2091"}],"curies":[{"name":"wp","href":"https:\/\/api.w.org\/{rel}","templated":true}]}}