{"id":1759,"date":"2024-10-18T16:48:10","date_gmt":"2024-10-18T14:48:10","guid":{"rendered":"https:\/\/federnat.tiwsrl.com\/?p=1759"},"modified":"2024-10-24T15:36:25","modified_gmt":"2024-10-24T13:36:25","slug":"addio-ad-alessandro-andreoni-un-pilastro-della-federnat","status":"publish","type":"post","link":"https:\/\/federnat.tiwsrl.com\/?p=1759","title":{"rendered":"Addio ad Alessandro Andreoni, un pilastro della Federnat"},"content":{"rendered":"\n<p class=\"wp-block-paragraph\">\u00c8 con profondo dolore che annunciamo la scomparsa di&nbsp;<strong>Alessandro Andreoni<\/strong>, storico Vice Presidente della Federnat.<\/p>\n\n\n\n<div class=\"wp-block-qi-blocks-single-image qodef-block-container qodef-block-1e208609\"><div class=\"qi-block-single-image qodef-block qodef-m\"><div class=\"qodef-m-image\"><img decoding=\"async\" class=\"wp-image-1835\"  src=\"http:\/\/federnat.tiwsrl.com\/wp-content\/uploads\/2024\/10\/andreonijfif-1.jpg\" alt=\"\"\/><\/div><\/div><\/div>\n\n\n\n<p class=\"wp-block-paragraph\">Alessandro, un vero gentleman dentro e fuori dal campo, ha dedicato gran parte della sua vita alla nostra categoria. La sua passione ed il suo impegno saranno sempre un esempio per tutti noi.<\/p>\n\n\n\n<p class=\"wp-block-paragraph\">A testimonianza della profonda stima e dell&#8217;affetto che tutti noi nutrivamo per Alessandro, la 58\u00aa edizione della Targa d&#8217;Oro, che si terr\u00e0 a Roma il prossimo 7 dicembre, sar\u00e0 a lui dedicata. Questo evento, uno dei pi\u00f9 importanti del nostro calendario, sar\u00e0 un&#8217;occasione per celebrare la sua memoria e il suo prezioso contributo al nostro sport.<\/p>\n\n\n\n<p class=\"wp-block-paragraph\">Per chi volesse porgere un ultimo saluto, i funerali si terranno sabato 19 ottobre alle ore 14.30 presso la Parrocchia San Luigi Gonzaga, Via di Villa Emiliani 15, Roma.<\/p>\n","protected":false},"excerpt":{"rendered":"<p>\u00c8 con profondo dolore che annunciamo la scomparsa di&nbsp;Alessandro Andreoni, storico Vice Presidente della Federnat. Alessandro, un vero gentleman dentro e fuori dal campo, ha dedicato gran parte della sua vita alla nostra categoria. La sua passione ed il suo impegno saranno sempre un esempio per tutti noi. A testimonianza della profonda stima e dell&#8217;affetto che tutti noi nutrivamo per Alessandro, la 58\u00aa edizione della Targa d&#8217;Oro, che si terr\u00e0 a Roma il prossimo 7 dicembre, sar\u00e0 a lui dedicata. Questo evento, uno dei pi\u00f9 importanti del nostro calendario, sar\u00e0 un&#8217;occasione per celebrare la sua memoria e il suo prezioso contributo al nostro sport. Per chi volesse porgere un ultimo saluto, i funerali si terranno sabato 19 ottobre alle ore 14.30 presso la Parrocchia San Luigi Gonzaga, Via di Villa Emiliani 15, Roma.<\/p>\n","protected":false},"author":4,"featured_media":1833,"comment_status":"closed","ping_status":"open","sticky":false,"template":"","format":"standard","meta":{"footnotes":""},"categories":[6],"tags":[],"class_list":["post-1759","post","type-post","status-publish","format-standard","has-post-thumbnail","hentry","category-news"],"_links":{"self":[{"href":"https:\/\/federnat.tiwsrl.com\/index.php?rest_route=\/wp\/v2\/posts\/1759","targetHints":{"allow":["GET"]}}],"collection":[{"href":"https:\/\/federnat.tiwsrl.com\/index.php?rest_route=\/wp\/v2\/posts"}],"about":[{"href":"https:\/\/federnat.tiwsrl.com\/index.php?rest_route=\/wp\/v2\/types\/post"}],"author":[{"embeddable":true,"href":"https:\/\/federnat.tiwsrl.com\/index.php?rest_route=\/wp\/v2\/users\/4"}],"replies":[{"embeddable":true,"href":"https:\/\/federnat.tiwsrl.com\/index.php?rest_route=%2Fwp%2Fv2%2Fcomments&post=1759"}],"version-history":[{"count":6,"href":"https:\/\/federnat.tiwsrl.com\/index.php?rest_route=\/wp\/v2\/posts\/1759\/revisions"}],"predecessor-version":[{"id":1924,"href":"https:\/\/federnat.tiwsrl.com\/index.php?rest_route=\/wp\/v2\/posts\/1759\/revisions\/1924"}],"wp:featuredmedia":[{"embeddable":true,"href":"https:\/\/federnat.tiwsrl.com\/index.php?rest_route=\/wp\/v2\/media\/1833"}],"wp:attachment":[{"href":"https:\/\/federnat.tiwsrl.com\/index.php?rest_route=%2Fwp%2Fv2%2Fmedia&parent=1759"}],"wp:term":[{"taxonomy":"category","embeddable":true,"href":"https:\/\/federnat.tiwsrl.com\/index.php?rest_route=%2Fwp%2Fv2%2Fcategories&post=1759"},{"taxonomy":"post_tag","embeddable":true,"href":"https:\/\/federnat.tiwsrl.com\/index.php?rest_route=%2Fwp%2Fv2%2Ftags&post=1759"}],"curies":[{"name":"wp","href":"https:\/\/api.w.org\/{rel}","templated":true}]}}